{"id":1437,"date":"2024-10-14T17:54:43","date_gmt":"2024-10-14T23:54:43","guid":{"rendered":"https:\/\/budismocostarica.com\/?p=1437"},"modified":"2025-04-04T18:48:25","modified_gmt":"2025-04-05T00:48:25","slug":"nuevos-horarios-de-meditacion-publica-en-el-centro-de-san-jose","status":"publish","type":"post","link":"https:\/\/budismocostarica.com\/en\/nuevos-horarios-de-meditacion-publica-en-el-centro-de-san-jose\/","title":{"rendered":"New public meditation schedule at San Jose Buddhist center"},"content":{"rendered":"<div data-elementor-type=\"wp-post\" data-elementor-id=\"1437\" class=\"elementor elementor-1437\">\n\t\t\t\t<div class=\"elementor-element elementor-element-7f1c8b8a e-flex e-con-boxed e-con e-parent\" data-id=\"7f1c8b8a\" data-element_type=\"container\" data-e-type=\"container\">\n\t\t\t\t\t<div class=\"e-con-inner\">\n\t\t\t\t<div class=\"elementor-element elementor-element-61bb094 elementor-widget elementor-widget-heading\" data-id=\"61bb094\" data-element_type=\"widget\" data-e-type=\"widget\" data-widget_type=\"heading.default\">\n\t\t\t\t\t<h2 class=\"elementor-heading-title elementor-size-default\">New public meditation schedule at San Jose Buddhist center<\/h2>\t\t\t\t<\/div>\n\t\t\t\t<div class=\"elementor-element elementor-element-5a7a7c44 elementor-widget elementor-widget-text-editor\" data-id=\"5a7a7c44\" data-element_type=\"widget\" data-e-type=\"widget\" data-widget_type=\"text-editor.default\">\n\t\t\t\t\t\t\t\t\t<p><\/p>\n<p class=\"translation-block\">We have a new meditation schedule at our <a href=\"https:\/\/budismocostarica.com\/en\/centros\/centro-san-jose\/\" target=\"_self\">San Jose Buddhist Center<\/a>!<\/p>\n<p><\/p>\n<p><\/p>\n<p><b>If this is your first time, please visit us on Wednesday<\/b> to receive the introductory lecture. If you can't visit us on Wednesdays, please contact us to schedule an introductory lecture. We like to prepare ourselves to welcome new friends in the best way possible. We appreciate you letting us know in advance if this is the first time you visit us.<\/p>\n<p><\/p>\n<p><\/p>\n<p>Receiving the introductory lecture at least once is required to participate in our regular public meditation sessions.<\/p>\n<p>Find us on <a href=\"https:\/\/g.co\/kgs\/2a4xURr\">Google Maps<\/a> or <a href=\"https:\/\/www.waze.com\/fil\/live-map\/directions\/cr\/san-jose\/san-jose\/budismo-camino-del-diamante-costa-rica?to=place.ChIJB5nC9n_joI8RlWLx5rfVqY0\" target=\"_blank\" rel=\"noopener\">Waze<\/a><\/p>\n<p><\/p>\n<p><\/p>\n<p><\/p>\t\t\t\t\t\t\t\t<\/div>\n\t\t\t\t\t<\/div>\n\t\t\t\t<\/div>\n\t\t<div class=\"elementor-element elementor-element-95b47f9 e-flex e-con-boxed e-con e-parent\" data-id=\"95b47f9\" data-element_type=\"container\" data-e-type=\"container\">\n\t\t\t\t\t<div class=\"e-con-inner\">\n\t\t\t\t<div class=\"elementor-element elementor-element-8bff7bf elementor-widget elementor-widget-image\" data-id=\"8bff7bf\" data-element_type=\"widget\" data-e-type=\"widget\" data-widget_type=\"image.default\">\n\t\t\t\t\t\t\t\t\t\t\t\t\t\t\t<img fetchpriority=\"high\" decoding=\"async\" width=\"768\" height=\"960\" src=\"https:\/\/budismocostarica.com\/wp-content\/uploads\/2025\/04\/horario-en.png\" class=\"attachment-medium_large size-medium_large wp-image-1717\" alt=\"\" srcset=\"https:\/\/budismocostarica.com\/wp-content\/uploads\/2025\/04\/horario-en.png 1080w, https:\/\/budismocostarica.com\/wp-content\/uploads\/2025\/04\/horario-en-240x300.png 240w, https:\/\/budismocostarica.com\/wp-content\/uploads\/2025\/04\/horario-en-819x1024.png 819w, https:\/\/budismocostarica.com\/wp-content\/uploads\/2025\/04\/horario-en-768x960.png 768w, https:\/\/budismocostarica.com\/wp-content\/uploads\/2025\/04\/horario-en-10x12.png 10w\" sizes=\"(max-width: 768px) 100vw, 768px\" \/>\t\t\t\t\t\t\t\t\t\t\t\t\t\t\t<\/div>\n\t\t\t\t\t<\/div>\n\t\t\t\t<\/div>\n\t\t\t\t<\/div>","protected":false},"excerpt":{"rendered":"<p>Nuevos horarios de meditaci\u00f3n p\u00fablica en el centro de San Jos\u00e9 Tenemos nuevos horarios de meditaci\u00f3n en nuestro centro de San Jos\u00e9! Si es tu primera vez, por favor visitanos el mi\u00e9rcoles para recibir la charla introductoria. Si no pod\u00e9s visitarnos los mi\u00e9rcoles, por favor cont\u00e1ctanos para coordinar una charla introductoria. Nos gusta prepararnos para [&hellip;]<\/p>\n","protected":false},"author":2,"featured_media":203,"comment_status":"closed","ping_status":"open","sticky":false,"template":"","format":"standard","meta":{"footnotes":""},"categories":[12],"tags":[],"class_list":["post-1437","post","type-post","status-publish","format-standard","has-post-thumbnail","hentry","category-noticias"],"_links":{"self":[{"href":"https:\/\/budismocostarica.com\/en\/wp-json\/wp\/v2\/posts\/1437","targetHints":{"allow":["GET"]}}],"collection":[{"href":"https:\/\/budismocostarica.com\/en\/wp-json\/wp\/v2\/posts"}],"about":[{"href":"https:\/\/budismocostarica.com\/en\/wp-json\/wp\/v2\/types\/post"}],"author":[{"embeddable":true,"href":"https:\/\/budismocostarica.com\/en\/wp-json\/wp\/v2\/users\/2"}],"replies":[{"embeddable":true,"href":"https:\/\/budismocostarica.com\/en\/wp-json\/wp\/v2\/comments?post=1437"}],"version-history":[{"count":32,"href":"https:\/\/budismocostarica.com\/en\/wp-json\/wp\/v2\/posts\/1437\/revisions"}],"predecessor-version":[{"id":1723,"href":"https:\/\/budismocostarica.com\/en\/wp-json\/wp\/v2\/posts\/1437\/revisions\/1723"}],"wp:featuredmedia":[{"embeddable":true,"href":"https:\/\/budismocostarica.com\/en\/wp-json\/wp\/v2\/media\/203"}],"wp:attachment":[{"href":"https:\/\/budismocostarica.com\/en\/wp-json\/wp\/v2\/media?parent=1437"}],"wp:term":[{"taxonomy":"category","embeddable":true,"href":"https:\/\/budismocostarica.com\/en\/wp-json\/wp\/v2\/categories?post=1437"},{"taxonomy":"post_tag","embeddable":true,"href":"https:\/\/budismocostarica.com\/en\/wp-json\/wp\/v2\/tags?post=1437"}],"curies":[{"name":"wp","href":"https:\/\/api.w.org\/{rel}","templated":true}]}}